{"id":4402,"date":"2026-09-02T15:34:58","date_gmt":"2026-09-02T18:34:58","guid":{"rendered":"https:\/\/isp6-sfe.infd.edu.ar\/sitio\/?p=4402"},"modified":"2026-09-02T15:35:03","modified_gmt":"2026-09-02T18:35:03","slug":"segundo-encuentro-de-formacion-matematica-para-el-nivel-primario","status":"publish","type":"post","link":"https:\/\/isp6-sfe.infd.edu.ar\/sitio\/segundo-encuentro-de-formacion-matematica-para-el-nivel-primario\/","title":{"rendered":"Segundo encuentro de formaci\u00f3n Matem\u00e1tica para el nivel primario."},"content":{"rendered":"\n<p>El viernes 28 de agosto nos visitaron docentes de la Escuela Ense\u00f1anza Primaria N\u00b01244 \u201cMar\u00eda Margarita Gervasoni\u201d . Docentes de Matem\u00e1tica del instituto dieron continuidad al Taller: Planificar la clase de Matem\u00e1tica desde la Teor\u00eda de Situaciones Did\u00e1cticas (TSD) y los sentidos matem\u00e1ticos. A partir del an\u00e1lisis de una secuencia did\u00e1ctica de Geometr\u00eda, se gener\u00f3 un espacio de intercambio y reflexi\u00f3n sobre la ense\u00f1anza de contenidos matem\u00e1ticos para el nivel primario, recuperando aportes de la did\u00e1ctica y la construcci\u00f3n del conocimiento.<\/p>\n\n\n\n<figure class=\"wp-block-gallery has-nested-images columns-default is-cropped wp-block-gallery-1 is-layout-flex\">\n<figure class=\"wp-block-image size-large\"><img decoding=\"async\" loading=\"lazy\" width=\"720\" height=\"1280\" data-id=\"4405\"  src=\"https:\/\/isp6-sfe.infd.edu.ar\/sitio\/wp-content\/uploads\/2026\/09\/WhatsApp-Image-2026-09-02-at-15.32.39.jpeg\" alt=\"\" class=\"wp-image-4405\" srcset=\"https:\/\/isp6-sfe.infd.edu.ar\/sitio\/wp-content\/uploads\/2026\/09\/WhatsApp-Image-2026-09-02-at-15.32.39.jpeg 720w, https:\/\/isp6-sfe.infd.edu.ar\/sitio\/wp-content\/uploads\/2026\/09\/WhatsApp-Image-2026-09-02-at-15.32.39-563x1000.jpeg 563w\" sizes=\"(max-width: 720px) 100vw, 720px\" \/><\/figure>\n\n\n\n<figure class=\"wp-block-image size-large\"><img decoding=\"async\" loading=\"lazy\" width=\"1200\" height=\"1600\" data-id=\"4403\"  src=\"https:\/\/isp6-sfe.infd.edu.ar\/sitio\/wp-content\/uploads\/2026\/09\/WhatsApp-Image-2026-09-02-at-15.32.401.jpeg\" alt=\"\" class=\"wp-image-4403\" srcset=\"https:\/\/isp6-sfe.infd.edu.ar\/sitio\/wp-content\/uploads\/2026\/09\/WhatsApp-Image-2026-09-02-at-15.32.401.jpeg 1200w, https:\/\/isp6-sfe.infd.edu.ar\/sitio\/wp-content\/uploads\/2026\/09\/WhatsApp-Image-2026-09-02-at-15.32.401-750x1000.jpeg 750w, https:\/\/isp6-sfe.infd.edu.ar\/sitio\/wp-content\/uploads\/2026\/09\/WhatsApp-Image-2026-09-02-at-15.32.401-768x1024.jpeg 768w, https:\/\/isp6-sfe.infd.edu.ar\/sitio\/wp-content\/uploads\/2026\/09\/WhatsApp-Image-2026-09-02-at-15.32.401-1152x1536.jpeg 1152w\" sizes=\"(max-width: 1200px) 100vw, 1200px\" \/><\/figure>\n<\/figure>\n","protected":false},"excerpt":{"rendered":"<p>El viernes 28 de agosto nos visitaron docentes de la Escuela Ense\u00f1anza Primaria N\u00b01244 \u201cMar\u00eda Margarita Gervasoni\u201d . Docentes de Matem\u00e1tica del instituto dieron continuidad al Taller: Planificar la clase de Matem\u00e1tica desde la Teor\u00eda de Situaciones Did\u00e1cticas (TSD) y los sentidos matem\u00e1ticos. A partir del an\u00e1lisis de una secuencia did\u00e1ctica de Geometr\u00eda, se gener\u00f3 &#8230; <a title=\"Segundo encuentro de formaci\u00f3n Matem\u00e1tica para el nivel primario.\" class=\"read-more\" href=\"https:\/\/isp6-sfe.infd.edu.ar\/sitio\/segundo-encuentro-de-formacion-matematica-para-el-nivel-primario\/\" aria-label=\"More on Segundo encuentro de formaci\u00f3n Matem\u00e1tica para el nivel primario.\">[+]<\/a><\/p>\n","protected":false},"author":319,"featured_media":4404,"comment_status":"open","ping_status":"open","sticky":false,"template":"","format":"standard","meta":[],"categories":[21,20],"tags":[],"acf":[],"_links":{"self":[{"href":"https:\/\/isp6-sfe.infd.edu.ar\/sitio\/wp-json\/wp\/v2\/posts\/4402"}],"collection":[{"href":"https:\/\/isp6-sfe.infd.edu.ar\/sitio\/wp-json\/wp\/v2\/posts"}],"about":[{"href":"https:\/\/isp6-sfe.infd.edu.ar\/sitio\/wp-json\/wp\/v2\/types\/post"}],"author":[{"embeddable":true,"href":"https:\/\/isp6-sfe.infd.edu.ar\/sitio\/wp-json\/wp\/v2\/users\/319"}],"replies":[{"embeddable":true,"href":"https:\/\/isp6-sfe.infd.edu.ar\/sitio\/wp-json\/wp\/v2\/comments?post=4402"}],"version-history":[{"count":1,"href":"https:\/\/isp6-sfe.infd.edu.ar\/sitio\/wp-json\/wp\/v2\/posts\/4402\/revisions"}],"predecessor-version":[{"id":4406,"href":"https:\/\/isp6-sfe.infd.edu.ar\/sitio\/wp-json\/wp\/v2\/posts\/4402\/revisions\/4406"}],"wp:featuredmedia":[{"embeddable":true,"href":"https:\/\/isp6-sfe.infd.edu.ar\/sitio\/wp-json\/wp\/v2\/media\/4404"}],"wp:attachment":[{"href":"https:\/\/isp6-sfe.infd.edu.ar\/sitio\/wp-json\/wp\/v2\/media?parent=4402"}],"wp:term":[{"taxonomy":"category","embeddable":true,"href":"https:\/\/isp6-sfe.infd.edu.ar\/sitio\/wp-json\/wp\/v2\/categories?post=4402"},{"taxonomy":"post_tag","embeddable":true,"href":"https:\/\/isp6-sfe.infd.edu.ar\/sitio\/wp-json\/wp\/v2\/tags?post=4402"}],"curies":[{"name":"wp","href":"https:\/\/api.w.org\/{rel}","templated":true}]}}